{"id":2307,"date":"2017-09-01T10:08:59","date_gmt":"2017-09-01T08:08:59","guid":{"rendered":"http:\/\/vinkovackejeseni.hr\/?p=2307"},"modified":"2017-09-01T10:08:59","modified_gmt":"2017-09-01T08:08:59","slug":"pocela-izgradnja-slavonskog-sokaka-i-postavljanje-satora-vinkovackih-jeseni","status":"publish","type":"post","link":"https:\/\/vinkovackejeseni.hr\/en\/pocela-izgradnja-slavonskog-sokaka-i-postavljanje-satora-vinkovackih-jeseni\/","title":{"rendered":"Po\u010dela izgradnja Slavonskog sokaka i postavljanje \u0161atora Vinkova\u010dkih jeseni"},"content":{"rendered":"<table border=\"0\" width=\"100%\" cellspacing=\"0\" cellpadding=\"0\">\n<tbody>\n<tr>\n<td>\n<div class=\"slika_gore\"><a class=\"lightbox\" href=\"http:\/\/vinkovackejeseni.hr\/slike\/sadrzaj\/2017_09_01_348_5217194_b.jpg\" rel=\"lightbox\"><img loading=\"lazy\" decoding=\"async\" class=\"img-polaroid\" src=\"http:\/\/vinkovackejeseni.hr\/slike\/sadrzaj\/2017_09_01_348_5217194_t.jpg\" width=\"534\" height=\"400\" border=\"0\" \/><\/a><\/div>\n<\/td>\n<\/tr>\n<\/tbody>\n<\/table>\n<div class=\"tekst\">\n<p>Danas je po\u010dela izgradnja objekata i postavljanje \u0161tandova i ku\u0107ica u Slavonskom sokaku gdje \u0107e se odr\u017eavati ve\u0107i dio programa ovogodi\u0161njih 52. Vinkova\u010dkih jeseni \u0161to traju od 8. do 17. rujna. Od danas ujutro zatvoreno je za promet parkirali\u0161te ispred hotela Slavonija gdje \u0107e od 8. do 17.\u00a0 rujna biti Slavonski sokak kao i Trg Vinkova\u010dkih jeseni gdje je jutros po\u010delo postavljanje velikog \u0161atora u kojemu \u0107e se odr\u017eavati Folklorne ve\u010deri, Me\u0111u\u017eupanijska smotra dje\u010djeg folklora, koncerti elektronske glazbe i prvih imena hrvatske estrade. U \u0161atoru \u0107e se odr\u017eati i Mali divani, koji su se prvi put odr\u017eali pro\u0161le godine i gdje \u0107e posjetitelji mo\u0107i besplatno pratiti nastupe tambura\u0161kih sastava i blagovati fi\u0161, \u010dobanac ili grah. Slavonski sokak je svih dana trajanja 52. Vinkova\u010dkih jeseni mjesto odr\u017eavanja Sajma gospodarstva, tradicijskih obrta i rukotvorina, svakodnevnih tambura\u0161kih i zabavnih koncerata, radionica i breakdance natjecanje i jo\u0161 koje\u010deg drugog.<\/p>\n<p>U srijedu se zatvara i promet u najstro\u017eem sredi\u0161tu grada, Dugoj ulici do kri\u017eanja s Trgom Franje Tu\u0111mana, sjeverni dio Trga bana \u0160ok\u010devi\u0107a\u00a0 i po\u010detak Ulice bana Jela\u010di\u0107a do kri\u017eanja s Istarskom. Ovdje \u0107e uz park\u00a0 niknuti Vinski grad gdje \u0107e Vinkov\u010dani i njihovi gosti svakog dana od 17 do 1 sat iza pono\u0107i mo\u0107i ku\u0161ati najbolja hrvatska vina i kupiti ih po prihvatljivim cijenama. U nastavku, ispred barokne zgrade Turisti\u010dke zajednice grada Vinkovaca, bit \u0107e postavljena velika pozornica na kojoj \u0107e se odvijati program sve\u010danosti otvorenja 52. Vinkova\u010dkih jeseni, ovom \u0107e pozornicom pro\u0107i sudionici Sve\u010danog mimohoda u nedjeljno prijepodne, a odr\u017eat \u0107e se i Dr\u017eavna smotra izvornog hrvatskog folklora.<\/p>\n<\/div>","protected":false},"excerpt":{"rendered":"<p>Danas je po\u010dela izgradnja objekata i postavljanje \u0161tandova i ku\u0107ica u Slavonskom sokaku gdje \u0107e se odr\u017eavati ve\u0107i dio programa ovogodi\u0161njih 52. Vinkova\u010dkih jeseni \u0161to traju od 8. do 17. rujna. Od danas ujutro zatvoreno je za promet parkirali\u0161te ispred hotela Slavonija gdje \u0107e od 8. do 17.\u00a0 rujna biti Slavonski sokak kao i Trg [&hellip;]<\/p>","protected":false},"author":2,"featured_media":2308,"comment_status":"closed","ping_status":"closed","sticky":false,"template":"","format":"standard","meta":{"_et_pb_use_builder":"","_et_pb_old_content":"","_et_gb_content_width":"","footnotes":""},"categories":[80],"tags":[],"class_list":["post-2307","post","type-post","status-publish","format-standard","has-post-thumbnail","hentry","category-80"],"_links":{"self":[{"href":"https:\/\/vinkovackejeseni.hr\/en\/wp-json\/wp\/v2\/posts\/2307","targetHints":{"allow":["GET"]}}],"collection":[{"href":"https:\/\/vinkovackejeseni.hr\/en\/wp-json\/wp\/v2\/posts"}],"about":[{"href":"https:\/\/vinkovackejeseni.hr\/en\/wp-json\/wp\/v2\/types\/post"}],"author":[{"embeddable":true,"href":"https:\/\/vinkovackejeseni.hr\/en\/wp-json\/wp\/v2\/users\/2"}],"replies":[{"embeddable":true,"href":"https:\/\/vinkovackejeseni.hr\/en\/wp-json\/wp\/v2\/comments?post=2307"}],"version-history":[{"count":0,"href":"https:\/\/vinkovackejeseni.hr\/en\/wp-json\/wp\/v2\/posts\/2307\/revisions"}],"wp:featuredmedia":[{"embeddable":true,"href":"https:\/\/vinkovackejeseni.hr\/en\/wp-json\/wp\/v2\/media\/2308"}],"wp:attachment":[{"href":"https:\/\/vinkovackejeseni.hr\/en\/wp-json\/wp\/v2\/media?parent=2307"}],"wp:term":[{"taxonomy":"category","embeddable":true,"href":"https:\/\/vinkovackejeseni.hr\/en\/wp-json\/wp\/v2\/categories?post=2307"},{"taxonomy":"post_tag","embeddable":true,"href":"https:\/\/vinkovackejeseni.hr\/en\/wp-json\/wp\/v2\/tags?post=2307"}],"curies":[{"name":"wp","href":"https:\/\/api.w.org\/{rel}","templated":true}]}}