{"id":2170,"date":"2017-08-25T17:14:46","date_gmt":"2017-08-25T15:14:46","guid":{"rendered":"http:\/\/vinkovackejeseni.hr\/?p=2170"},"modified":"2017-08-25T17:14:46","modified_gmt":"2017-08-25T15:14:46","slug":"u-mimohodu-na-ovogodisnjim-djecjim-vinkovackim-jesenima-prodefilirat-ce-2-500-malih-folklorasa-iz-59-kud-ova","status":"publish","type":"post","link":"https:\/\/vinkovackejeseni.hr\/en\/u-mimohodu-na-ovogodisnjim-djecjim-vinkovackim-jesenima-prodefilirat-ce-2-500-malih-folklorasa-iz-59-kud-ova\/","title":{"rendered":"U mimohodu na ovogodi\u0161njim Dje\u010djim vinkova\u010dkim jesenima prodefilirat \u0107e 2.500 malih folklora\u0161a iz 59 KUD-ova"},"content":{"rendered":"<div class=\"tekst\">\n<p>Sve je spremno za ovogodi\u0161nje Dje\u010dje vinkova\u010dke jeseni \u0161to se odr\u017eavaju u sklopu 52. Vinkova\u010dkih jeseni, a koje po\u010dinju 8. i traju sve do 17. rujna.<\/p>\n<p>Od 1970. u sklopu ove velike smotre kulturnih, turisti\u010dkih i gospodarskih dostignu\u0107a vinkova\u010dkog kraja, svoje mjesto imaju i mali folklora\u0161i koji u kulturno-umjetni\u010dkim dru\u0161tvima u\u010de\u0107i od starijih, njeguju i \u010duvaju od zaborava bogatu ba\u0161tinu svoga mjesta. Kako bi pokazali \u0161to su nau\u010dili i uvje\u017ebali tijekom godine, te kako su dostojni nasljednici starijih \u010duvara tradicijskog naslije\u0111a, mali folklora\u0161i iz svih \u017eupanija Hrvatske, ali i dijaspore, dolaze na Vinkova\u010dke jeseni gdje su dva dana samo njima posve\u0107ena. \u0160to su nau\u010dili, mali folklora\u0161i \u0107e pokazati u subotu i nedjelju, 9. i 10. rujna. U subotu, na pozornici pod \u0161atorom Vinkova\u010dkih jeseni odr\u017eat \u0107e se prvi dio Me\u0111u\u017eupanijske smotre dje\u010djeg folklora gdje \u0107e programe izvesti 11 dje\u010djih folklornih skupina. Sutradan, u nedjelju, s po\u010detkom u 10 sati predvo\u0111en konjanicima, konjskim zapregama, ma\u017eoretkinjama i limenom glazbom, kre\u0107e sve\u010dani mimohod dje\u010djih skupina u kojemu \u0107e vinkova\u010dkim ulicama i trgovima prodefilirati vi\u0161e od 2500 mali\u0161ana odjevenih u narodne no\u0161nje mjesta i kraja iz kojega dolaze iz svih hrvatskih \u017eupanija i to \u0107e biti vrhunac ovogodi\u0161njih Dje\u010djih vinkova\u010dkih jeseni, jedne od najatraktivnijih priredbi jesenske manifesta cije u Vinkovcima.<\/p>\n<p>Potom se pod \u0161atorom Vinkova\u010dkih jeseni odr\u017eava drugi dio Me\u0111u\u017eupanijske smotre dje\u010djeg folklora gdje \u0107e nastupiti tako\u0111er 11 dje\u010djih skupina. Gost programa je dje\u010dji pisac i prijatelj djece Mladen Ku\u0161ec, a voditelji su Marijana Ban i Franjo Ridjan.<\/p>\n<p><strong>\u201eU nedjelju u 10 sati kre\u0107e mimohod dje\u010djih folklornih skupina koji kre\u0107e ispred PIK-ove zgrade na uglu Zvonimirove i Dalmatin\u010deve, te prolazi pje\u0161a\u010dkom zonom, Dugom, Genscherovom i kroz Slavonski sokak do Trga Vinkova\u010dkih jeseni u \u0161ator Vinkova\u010dkih jeseni, gdje je drugi dio Me\u0111u\u017eupanijske smotre. U Mimohodu \u0107e biti 24 skupine, sudionika Me\u0111u\u017eupanijske smotre i 27 malih folklornih skupina iz na\u0161e \u017eupanije. Ponosni smo \u0161to su Dje\u010dje vinkova\u010dke jeseni zaslu\u017ene \u0161to je diljem Hrvatske osnovano niz dje\u010djih folklornih skupina. Iz ove su priredbe potekle \u017eupanijske smotre, a krenula je dr\u017eavna i me\u0111udr\u017eavna smotra dje\u010djih folklornih skupina\u201c<\/strong> \u2013 ka\u017ee Dario Gr\u010di\u0107, voditelj organizacije Dje\u010djih vinkova\u010dkih jeseni i podsje\u0107a kako je ova dje\u010dja manifestacija zadnjih 13-14 godina na puno vi\u0161oj organizacijskoj i umjetni\u010dkoj razini, a kao osobitu vrijednost isti\u010de kako su mali folklora\u0161i jamstvo za budu\u0107nost Vinkova\u010dkih jeseni, jer ve\u0107ina njih \u0107e nastaviti rad u starijim skupinama.<\/p>\n<p>Vukovarsko-srijemsku \u017eupaniju ove godine na Me\u0111u\u017eupanijskoj smotri, predstavljat \u0107e HKGD Dunav iz Vukovara.<\/p>\n<\/div>","protected":false},"excerpt":{"rendered":"<p>Sve je spremno za ovogodi\u0161nje Dje\u010dje vinkova\u010dke jeseni \u0161to se odr\u017eavaju u sklopu 52. Vinkova\u010dkih jeseni, a koje po\u010dinju 8. i traju sve do 17. rujna. Od 1970. u sklopu ove velike smotre kulturnih, turisti\u010dkih i gospodarskih dostignu\u0107a vinkova\u010dkog kraja, svoje mjesto imaju i mali folklora\u0161i koji u kulturno-umjetni\u010dkim dru\u0161tvima u\u010de\u0107i od starijih, njeguju i [&hellip;]<\/p>","protected":false},"author":2,"featured_media":2171,"comment_status":"closed","ping_status":"closed","sticky":false,"template":"","format":"standard","meta":{"_et_pb_use_builder":"","_et_pb_old_content":"","_et_gb_content_width":"","footnotes":""},"categories":[80,30],"tags":[],"class_list":["post-2170","post","type-post","status-publish","format-standard","has-post-thumbnail","hentry","category-80","category-naslovna"],"_links":{"self":[{"href":"https:\/\/vinkovackejeseni.hr\/en\/wp-json\/wp\/v2\/posts\/2170","targetHints":{"allow":["GET"]}}],"collection":[{"href":"https:\/\/vinkovackejeseni.hr\/en\/wp-json\/wp\/v2\/posts"}],"about":[{"href":"https:\/\/vinkovackejeseni.hr\/en\/wp-json\/wp\/v2\/types\/post"}],"author":[{"embeddable":true,"href":"https:\/\/vinkovackejeseni.hr\/en\/wp-json\/wp\/v2\/users\/2"}],"replies":[{"embeddable":true,"href":"https:\/\/vinkovackejeseni.hr\/en\/wp-json\/wp\/v2\/comments?post=2170"}],"version-history":[{"count":0,"href":"https:\/\/vinkovackejeseni.hr\/en\/wp-json\/wp\/v2\/posts\/2170\/revisions"}],"wp:featuredmedia":[{"embeddable":true,"href":"https:\/\/vinkovackejeseni.hr\/en\/wp-json\/wp\/v2\/media\/2171"}],"wp:attachment":[{"href":"https:\/\/vinkovackejeseni.hr\/en\/wp-json\/wp\/v2\/media?parent=2170"}],"wp:term":[{"taxonomy":"category","embeddable":true,"href":"https:\/\/vinkovackejeseni.hr\/en\/wp-json\/wp\/v2\/categories?post=2170"},{"taxonomy":"post_tag","embeddable":true,"href":"https:\/\/vinkovackejeseni.hr\/en\/wp-json\/wp\/v2\/tags?post=2170"}],"curies":[{"name":"wp","href":"https:\/\/api.w.org\/{rel}","templated":true}]}}