{"id":2167,"date":"2017-08-22T17:12:55","date_gmt":"2017-08-22T15:12:55","guid":{"rendered":"http:\/\/vinkovackejeseni.hr\/?p=2167"},"modified":"2017-08-22T17:12:55","modified_gmt":"2017-08-22T15:12:55","slug":"na-folklornim-vecerima-nastupit-ce-60-tak-folklornih-skupina","status":"publish","type":"post","link":"https:\/\/vinkovackejeseni.hr\/en\/na-folklornim-vecerima-nastupit-ce-60-tak-folklornih-skupina\/","title":{"rendered":"Na Folklornim ve\u010derima nastupit \u0107e 60-tak folklornih skupina"},"content":{"rendered":"<p>Folklorne ve\u010deri koje su zapravo smotra folklora KUD-ova iz Vukovarsko-srijemske \u017eupanije, uvijek su bile me\u0111u najposje\u0107enijim priredbama Vinkova\u010dkih jeseni. Na 52. Vinkova\u010dkim jesenima koje se doga\u0111aju na vinkova\u010dkim pozornicama, trgovima i sokacima od 8. do 17. rujna, Folklorne ve\u010deri se odr\u017eavaju od 8. do 13. rujna i za to vrijeme svake ve\u010deri od petka do srijede, osim subote, na pozornici u \u0161atoru Vinkova\u010dkih jeseni folklorne skupine i KUD-ovi pokazat \u0107e ono najbolje \u0161to su naslijedili od svojih starih i po \u010demu je njihovo selo prepoznatljivo. Prve ve\u010deri u \u0161atoru Vinkova\u010dkih jeseni nastupa 12 KUD-ova, a sutradan se Folklorne ve\u010deri prekidaju da bi se u tom prostoru odr\u017eala Me\u0111u\u017eupanijska smotra dje\u010djeg folklora i koncert \u0160oka\u010dka grana gdje \u0107e nastupiti folklora\u0161i iz \u0110akova, Osijeka i Vinkovaca.<br \/>\nU nedjelju \u0107e pokazati \u0161to su cijele godine uvje\u017ebali, folklorne skupine koje njeguju koreografirani folklor, u ponedjeljak nastupa opet 12 KUD-ova koliko ih je i u utorak, a zadnjeg dana Folklornih ve\u010deri nastupit \u0107e 13 skupina.<br \/>\nStru\u010dno povjerenstvo koje je pratilo nastupe svih KUD-ova, proglasit \u0107e najbolje koji \u0107e predstavljati Vukovarsko-srijemsku na Dr\u017eavnoj smotri izvornog folklora i drugim manifestacijama izvornog folklora. Pro\u0161le godine najboljima su ocijenjeni KUD-ovi &#8220;Tomislav&#8221; iz \u017dupanje, &#8220;Slavko Jankovi\u0107&#8221; iz \u0160i\u0161kovaca i &#8220;\u0160okadija&#8221; iz Starih Mikanovaca, a oni \u0107e nastupiti u subotu i nedjelju, 16. i 17. rujna, na Dr\u017eavnoj smotri izvornog hrvatskog folklora na velikoj pozornici u sredi\u0161tu grada i u \u0161atoru Vinkova\u010dkih jeseni.<\/p>","protected":false},"excerpt":{"rendered":"<p>Folklorne ve\u010deri koje su zapravo smotra folklora KUD-ova iz Vukovarsko-srijemske \u017eupanije, uvijek su bile me\u0111u najposje\u0107enijim priredbama Vinkova\u010dkih jeseni. Na 52. Vinkova\u010dkim jesenima koje se doga\u0111aju na vinkova\u010dkim pozornicama, trgovima i sokacima od 8. do 17. rujna, Folklorne ve\u010deri se odr\u017eavaju od 8. do 13. rujna i za to vrijeme svake ve\u010deri od petka do [&hellip;]<\/p>","protected":false},"author":2,"featured_media":2168,"comment_status":"closed","ping_status":"closed","sticky":false,"template":"","format":"standard","meta":{"_et_pb_use_builder":"","_et_pb_old_content":"","_et_gb_content_width":"","footnotes":""},"categories":[80,30],"tags":[],"class_list":["post-2167","post","type-post","status-publish","format-standard","has-post-thumbnail","hentry","category-80","category-naslovna"],"_links":{"self":[{"href":"https:\/\/vinkovackejeseni.hr\/en\/wp-json\/wp\/v2\/posts\/2167","targetHints":{"allow":["GET"]}}],"collection":[{"href":"https:\/\/vinkovackejeseni.hr\/en\/wp-json\/wp\/v2\/posts"}],"about":[{"href":"https:\/\/vinkovackejeseni.hr\/en\/wp-json\/wp\/v2\/types\/post"}],"author":[{"embeddable":true,"href":"https:\/\/vinkovackejeseni.hr\/en\/wp-json\/wp\/v2\/users\/2"}],"replies":[{"embeddable":true,"href":"https:\/\/vinkovackejeseni.hr\/en\/wp-json\/wp\/v2\/comments?post=2167"}],"version-history":[{"count":0,"href":"https:\/\/vinkovackejeseni.hr\/en\/wp-json\/wp\/v2\/posts\/2167\/revisions"}],"wp:featuredmedia":[{"embeddable":true,"href":"https:\/\/vinkovackejeseni.hr\/en\/wp-json\/wp\/v2\/media\/2168"}],"wp:attachment":[{"href":"https:\/\/vinkovackejeseni.hr\/en\/wp-json\/wp\/v2\/media?parent=2167"}],"wp:term":[{"taxonomy":"category","embeddable":true,"href":"https:\/\/vinkovackejeseni.hr\/en\/wp-json\/wp\/v2\/categories?post=2167"},{"taxonomy":"post_tag","embeddable":true,"href":"https:\/\/vinkovackejeseni.hr\/en\/wp-json\/wp\/v2\/tags?post=2167"}],"curies":[{"name":"wp","href":"https:\/\/api.w.org\/{rel}","templated":true}]}}